{"id":9893,"date":"2026-04-26T18:26:00","date_gmt":"2026-04-26T16:26:00","guid":{"rendered":"https:\/\/trema.hr\/?p=9893"},"modified":"2026-04-26T18:26:01","modified_gmt":"2026-04-26T16:26:01","slug":"festival-znanosti-3","status":"publish","type":"post","link":"https:\/\/trema.hr\/?p=9893","title":{"rendered":"Festival znanosti"},"content":{"rendered":"<p>Ove godine III. gimnazija, Split sudjelovala je u otvaranju Festivala znanosti u Splitu, koje se odr\u017ealo od 20. do 25. travnja 2026. godine na vi\u0161e lokacija diljem grada i Hrvatske. Festival se organizira jo\u0161 od 2003. godine s ciljem popularizacije znanosti i pribli\u017eavanja znanstvenih sadr\u017eaja \u0161iroj javnosti, a ovogodi\u0161nja tema bila je \u201eEnergija\u201c. Sve\u010dano otvorenje u Splitu odr\u017eano je na platou ispred Prirodoslovno-matemati\u010dki fakulteta u Splitu, gdje su se okupili brojni sudionici i posjetitelji.<\/p>\n<p>Na otvorenju smo sudjelovali prezentacijom pokusa \u201e\u010carobno pisanje i fluorescencija kinina\u201c, kroz koji smo posjetiteljima prikazali pojave poput elektrolize i fluorescencije te pokazali kako kemija mo\u017ee biti zanimljiva i vizualno atraktivna. Na otvorenju su sudjelovali u\u010denici: Zara Bo\u017eani\u0107, Karmela Juri\u0107, Ema Kekez, Mlado M. Karmeli\u0107, Ina Zekan, Marita Primorac i Lucija Matkovi\u0107 uz vodstvo profesorica Marine Lueti\u0107 i Alise Ru\u017ei\u0107.<\/p>\n<p>Sudjelovanje na Festivalu bilo je vrijedno iskustvo jer smo aktivno pridonijeli popularizaciji znanosti, razvijali prezentacijske vje\u0161tine i imali priliku predstaviti svoj rad \u0161iroj publici.<\/p>\n<p><img loading=\"lazy\" decoding=\"async\" class=\"alignnone size-full wp-image-9894\" src=\"https:\/\/trema.hr\/wp-content\/uploads\/2026\/04\/IMG-20260426-WA0029.jpg\" alt=\"\" width=\"2048\" height=\"1536\" srcset=\"https:\/\/trema.hr\/wp-content\/uploads\/2026\/04\/IMG-20260426-WA0029.jpg 2048w, https:\/\/trema.hr\/wp-content\/uploads\/2026\/04\/IMG-20260426-WA0029-768x576.jpg 768w, https:\/\/trema.hr\/wp-content\/uploads\/2026\/04\/IMG-20260426-WA0029-1536x1152.jpg 1536w\" sizes=\"auto, (max-width: 2048px) 100vw, 2048px\" \/> <img loading=\"lazy\" decoding=\"async\" class=\"alignnone size-full wp-image-9895\" src=\"https:\/\/trema.hr\/wp-content\/uploads\/2026\/04\/IMG-20260426-WA0030.jpg\" alt=\"\" width=\"1536\" height=\"2048\" srcset=\"https:\/\/trema.hr\/wp-content\/uploads\/2026\/04\/IMG-20260426-WA0030.jpg 1536w, https:\/\/trema.hr\/wp-content\/uploads\/2026\/04\/IMG-20260426-WA0030-768x1024.jpg 768w, https:\/\/trema.hr\/wp-content\/uploads\/2026\/04\/IMG-20260426-WA0030-1152x1536.jpg 1152w\" sizes=\"auto, (max-width: 1536px) 100vw, 1536px\" \/> <img loading=\"lazy\" decoding=\"async\" class=\"alignnone size-full wp-image-9896\" src=\"https:\/\/trema.hr\/wp-content\/uploads\/2026\/04\/IMG-20260426-WA0032.jpg\" alt=\"\" width=\"1530\" height=\"2040\" srcset=\"https:\/\/trema.hr\/wp-content\/uploads\/2026\/04\/IMG-20260426-WA0032.jpg 1530w, https:\/\/trema.hr\/wp-content\/uploads\/2026\/04\/IMG-20260426-WA0032-768x1024.jpg 768w, https:\/\/trema.hr\/wp-content\/uploads\/2026\/04\/IMG-20260426-WA0032-1152x1536.jpg 1152w\" sizes=\"auto, (max-width: 1530px) 100vw, 1530px\" \/> <img loading=\"lazy\" decoding=\"async\" class=\"alignnone size-full wp-image-9897\" src=\"https:\/\/trema.hr\/wp-content\/uploads\/2026\/04\/IMG-20260426-WA0031.jpg\" alt=\"\" width=\"1530\" height=\"2040\" srcset=\"https:\/\/trema.hr\/wp-content\/uploads\/2026\/04\/IMG-20260426-WA0031.jpg 1530w, https:\/\/trema.hr\/wp-content\/uploads\/2026\/04\/IMG-20260426-WA0031-768x1024.jpg 768w, https:\/\/trema.hr\/wp-content\/uploads\/2026\/04\/IMG-20260426-WA0031-1152x1536.jpg 1152w\" sizes=\"auto, (max-width: 1530px) 100vw, 1530px\" \/><\/p>\n","protected":false},"excerpt":{"rendered":"<p>Ove godine III. gimnazija, Split sudjelovala je u otvaranju Festivala znanosti u Splitu, koje se odr\u017ealo od 20. do 25. travnja 2026. godine na vi\u0161e lokacija diljem grada i Hrvatske. Festival se organizira jo\u0161 od 2003. godine s ciljem popularizacije znanosti i pribli\u017eavanja znanstvenih sadr\u017eaja \u0161iroj javnosti, a ovogodi\u0161nja tema bila je \u201eEnergija\u201c. Sve\u010dano otvorenje&hellip;<\/p>\n","protected":false},"author":1,"featured_media":0,"comment_status":"open","ping_status":"open","sticky":false,"template":"","format":"standard","meta":{"footnotes":""},"categories":[20],"tags":[],"class_list":["post-9893","post","type-post","status-publish","format-standard","hentry","category-obavijesti"],"gutentor_comment":0,"_links":{"self":[{"href":"https:\/\/trema.hr\/index.php?rest_route=\/wp\/v2\/posts\/9893","targetHints":{"allow":["GET"]}}],"collection":[{"href":"https:\/\/trema.hr\/index.php?rest_route=\/wp\/v2\/posts"}],"about":[{"href":"https:\/\/trema.hr\/index.php?rest_route=\/wp\/v2\/types\/post"}],"author":[{"embeddable":true,"href":"https:\/\/trema.hr\/index.php?rest_route=\/wp\/v2\/users\/1"}],"replies":[{"embeddable":true,"href":"https:\/\/trema.hr\/index.php?rest_route=%2Fwp%2Fv2%2Fcomments&post=9893"}],"version-history":[{"count":1,"href":"https:\/\/trema.hr\/index.php?rest_route=\/wp\/v2\/posts\/9893\/revisions"}],"predecessor-version":[{"id":9898,"href":"https:\/\/trema.hr\/index.php?rest_route=\/wp\/v2\/posts\/9893\/revisions\/9898"}],"wp:attachment":[{"href":"https:\/\/trema.hr\/index.php?rest_route=%2Fwp%2Fv2%2Fmedia&parent=9893"}],"wp:term":[{"taxonomy":"category","embeddable":true,"href":"https:\/\/trema.hr\/index.php?rest_route=%2Fwp%2Fv2%2Fcategories&post=9893"},{"taxonomy":"post_tag","embeddable":true,"href":"https:\/\/trema.hr\/index.php?rest_route=%2Fwp%2Fv2%2Ftags&post=9893"}],"curies":[{"name":"wp","href":"https:\/\/api.w.org\/{rel}","templated":true}]}}