{"id":9672,"date":"2026-03-17T12:30:25","date_gmt":"2026-03-17T11:30:25","guid":{"rendered":"https:\/\/trema.hr\/?p=9672"},"modified":"2026-03-17T12:30:25","modified_gmt":"2026-03-17T11:30:25","slug":"sportski-rezultati-2026","status":"publish","type":"post","link":"https:\/\/trema.hr\/?p=9672","title":{"rendered":"SPORTSKI REZULTATI 2026."},"content":{"rendered":"\n<p>Dana 5.,6. i 7.03. odr\u017eano je Dr\u017eavno prvenstvo u badmintonu, tradicionalno u Pore\u010du. Nakon osvojenog 1. mjesta na Gradskom i \u017dupanijskom natjecanju plasirali smo se i na Dr\u017eavno\u2026.. i to u \u017eenskoj i mu\u0161koj konkurenciji. Nakon prolaza grupe, u \u010detvrtfinalnim susretima u\u010denici su se plasirali u polufinale, te su u me\u010devima sa ekipom iz Osijeka bili uspje\u0161niji i vratili se ku\u0107i osvojiv\u0161i <strong>3.mjesto<\/strong>. \u010cESTITKE MOMCIMA, CURAMA,&nbsp; a evo&nbsp; i imena na\u0161ih cura i momaka:<\/p>\n\n\n\n<p>&nbsp;KRISTIJAN PULJI\u0106&nbsp;&nbsp;&nbsp;&nbsp;&nbsp;&nbsp;&nbsp;&nbsp;&nbsp;&nbsp;&nbsp;&nbsp;&nbsp;&nbsp;&nbsp;&nbsp;&nbsp;&nbsp;&nbsp;&nbsp;&nbsp;&nbsp;&nbsp;&nbsp;&nbsp;&nbsp;&nbsp;&nbsp;&nbsp;&nbsp;&nbsp;&nbsp;&nbsp;&nbsp;&nbsp;&nbsp;&nbsp;&nbsp;&nbsp;&nbsp; BRUNA SIVRO<\/p>\n\n\n\n<p>TOMA PADOVAN&nbsp;&nbsp;&nbsp;&nbsp;&nbsp;&nbsp;&nbsp;&nbsp;&nbsp;&nbsp;&nbsp;&nbsp;&nbsp;&nbsp;&nbsp;&nbsp;&nbsp;&nbsp;&nbsp;&nbsp;&nbsp;&nbsp;&nbsp;&nbsp;&nbsp;&nbsp;&nbsp;&nbsp;&nbsp;&nbsp;&nbsp;&nbsp;&nbsp;&nbsp;&nbsp;&nbsp;&nbsp;&nbsp;&nbsp;&nbsp;&nbsp;&nbsp;&nbsp; MARIJETA ANDROMAK<\/p>\n\n\n\n<p>KRE\u0160IMIR \u010cURKOVI\u0106&nbsp;&nbsp;&nbsp;&nbsp;&nbsp;&nbsp;&nbsp;&nbsp;&nbsp;&nbsp;&nbsp;&nbsp;&nbsp;&nbsp;&nbsp;&nbsp;&nbsp;&nbsp;&nbsp;&nbsp;&nbsp;&nbsp;&nbsp;&nbsp;&nbsp;&nbsp;&nbsp;&nbsp;&nbsp;&nbsp;&nbsp;&nbsp;&nbsp; CELINA MAR\u010cI\u0106&nbsp;&nbsp;&nbsp;&nbsp;&nbsp;&nbsp;&nbsp;&nbsp;&nbsp;&nbsp;&nbsp;&nbsp;&nbsp;&nbsp;&nbsp;&nbsp;&nbsp;&nbsp;&nbsp;&nbsp;&nbsp;&nbsp;&nbsp;&nbsp;&nbsp;&nbsp;&nbsp;&nbsp;&nbsp;&nbsp;&nbsp;&nbsp;&nbsp;&nbsp;&nbsp;&nbsp;&nbsp;&nbsp;&nbsp;&nbsp;&nbsp;&nbsp;&nbsp;&nbsp;&nbsp;&nbsp;&nbsp;&nbsp; &nbsp;&nbsp;&nbsp;&nbsp;<\/p>\n\n\n\n<p>TEO \u010cOTI\u0106&nbsp;&nbsp;&nbsp;&nbsp;&nbsp;&nbsp;&nbsp;&nbsp;&nbsp;&nbsp;&nbsp;&nbsp;&nbsp;&nbsp;&nbsp;&nbsp;&nbsp;&nbsp;&nbsp;&nbsp;&nbsp;&nbsp;&nbsp;&nbsp;&nbsp;&nbsp;&nbsp;&nbsp;&nbsp;&nbsp;&nbsp;&nbsp;&nbsp;&nbsp;&nbsp;&nbsp;&nbsp;&nbsp;&nbsp;&nbsp;&nbsp;&nbsp;&nbsp;&nbsp;&nbsp;&nbsp;&nbsp;&nbsp;&nbsp;&nbsp;&nbsp;&nbsp;&nbsp;&nbsp;&nbsp; FRANKA&nbsp; MATUTINOVI\u0106<\/p>\n\n\n\n<p>U konkurenciji 24. ekipe, U\u010cENICE su osvojile 5. mjesto. U prilogu imamo malu galeriju\u2026..<\/p>\n\n\n\n<p>O9.03.2026. odr\u017eano je Gradsko natjecanje u stolnom tenisu. U\u010denici su osvojili 3.mjesto, voditelj prof.Roberto Parunov.<\/p>\n\n\n\n<p>FE\u0110A MIHAJLOV<\/p>\n\n\n\n<p>TOMA PADOVAN<\/p>\n\n\n\n<p>KRISTIJAN PULJI\u0106<\/p>\n\n\n\n<p>TEO \u010cOTI\u0106<\/p>\n\n\n\n<figure class=\"wp-block-gallery has-nested-images columns-default is-cropped wp-block-gallery-1 is-layout-flex wp-block-gallery-is-layout-flex\">\n<figure class=\"wp-block-image size-large\"><img loading=\"lazy\" decoding=\"async\" width=\"1024\" height=\"1024\" data-id=\"9673\" src=\"https:\/\/trema.hr\/wp-content\/uploads\/2026\/03\/IMG-20260305-WA0008-1024x1024.jpg\" alt=\"\" class=\"wp-image-9673\" srcset=\"https:\/\/trema.hr\/wp-content\/uploads\/2026\/03\/IMG-20260305-WA0008-1024x1024.jpg 1024w, https:\/\/trema.hr\/wp-content\/uploads\/2026\/03\/IMG-20260305-WA0008-300x300.jpg 300w, https:\/\/trema.hr\/wp-content\/uploads\/2026\/03\/IMG-20260305-WA0008-150x150.jpg 150w\" sizes=\"auto, (max-width: 1024px) 100vw, 1024px\" \/><\/figure>\n\n\n\n<figure class=\"wp-block-image size-large\"><img loading=\"lazy\" decoding=\"async\" width=\"1024\" height=\"1024\" data-id=\"9674\" src=\"https:\/\/trema.hr\/wp-content\/uploads\/2026\/03\/IMG-20260306-WA0008-1024x1024.jpg\" alt=\"\" class=\"wp-image-9674\" srcset=\"https:\/\/trema.hr\/wp-content\/uploads\/2026\/03\/IMG-20260306-WA0008-1024x1024.jpg 1024w, https:\/\/trema.hr\/wp-content\/uploads\/2026\/03\/IMG-20260306-WA0008-300x300.jpg 300w, https:\/\/trema.hr\/wp-content\/uploads\/2026\/03\/IMG-20260306-WA0008-150x150.jpg 150w\" sizes=\"auto, (max-width: 1024px) 100vw, 1024px\" \/><\/figure>\n\n\n\n<figure class=\"wp-block-image size-large\"><img loading=\"lazy\" decoding=\"async\" width=\"1024\" height=\"1024\" data-id=\"9675\" src=\"https:\/\/trema.hr\/wp-content\/uploads\/2026\/03\/IMG-20260305-WA0007-1024x1024.jpg\" alt=\"\" class=\"wp-image-9675\" srcset=\"https:\/\/trema.hr\/wp-content\/uploads\/2026\/03\/IMG-20260305-WA0007-1024x1024.jpg 1024w, https:\/\/trema.hr\/wp-content\/uploads\/2026\/03\/IMG-20260305-WA0007-300x300.jpg 300w, https:\/\/trema.hr\/wp-content\/uploads\/2026\/03\/IMG-20260305-WA0007-150x150.jpg 150w\" sizes=\"auto, (max-width: 1024px) 100vw, 1024px\" \/><\/figure>\n<\/figure>\n","protected":false},"excerpt":{"rendered":"<p>Dana 5.,6. i 7.03. odr\u017eano je Dr\u017eavno prvenstvo u badmintonu, tradicionalno u Pore\u010du. Nakon osvojenog 1. mjesta na Gradskom i \u017dupanijskom natjecanju plasirali smo se i na Dr\u017eavno\u2026.. i to u \u017eenskoj i mu\u0161koj konkurenciji. Nakon prolaza grupe, u \u010detvrtfinalnim susretima u\u010denici su se plasirali u polufinale, te su u me\u010devima sa ekipom iz Osijeka&hellip;<\/p>\n","protected":false},"author":1,"featured_media":0,"comment_status":"open","ping_status":"open","sticky":false,"template":"","format":"standard","meta":{"footnotes":""},"categories":[20,18],"tags":[],"class_list":["post-9672","post","type-post","status-publish","format-standard","hentry","category-obavijesti","category-sport"],"gutentor_comment":0,"_links":{"self":[{"href":"https:\/\/trema.hr\/index.php?rest_route=\/wp\/v2\/posts\/9672","targetHints":{"allow":["GET"]}}],"collection":[{"href":"https:\/\/trema.hr\/index.php?rest_route=\/wp\/v2\/posts"}],"about":[{"href":"https:\/\/trema.hr\/index.php?rest_route=\/wp\/v2\/types\/post"}],"author":[{"embeddable":true,"href":"https:\/\/trema.hr\/index.php?rest_route=\/wp\/v2\/users\/1"}],"replies":[{"embeddable":true,"href":"https:\/\/trema.hr\/index.php?rest_route=%2Fwp%2Fv2%2Fcomments&post=9672"}],"version-history":[{"count":1,"href":"https:\/\/trema.hr\/index.php?rest_route=\/wp\/v2\/posts\/9672\/revisions"}],"predecessor-version":[{"id":9676,"href":"https:\/\/trema.hr\/index.php?rest_route=\/wp\/v2\/posts\/9672\/revisions\/9676"}],"wp:attachment":[{"href":"https:\/\/trema.hr\/index.php?rest_route=%2Fwp%2Fv2%2Fmedia&parent=9672"}],"wp:term":[{"taxonomy":"category","embeddable":true,"href":"https:\/\/trema.hr\/index.php?rest_route=%2Fwp%2Fv2%2Fcategories&post=9672"},{"taxonomy":"post_tag","embeddable":true,"href":"https:\/\/trema.hr\/index.php?rest_route=%2Fwp%2Fv2%2Ftags&post=9672"}],"curies":[{"name":"wp","href":"https:\/\/api.w.org\/{rel}","templated":true}]}}