{"id":9650,"date":"2026-03-11T16:47:46","date_gmt":"2026-03-11T15:47:46","guid":{"rendered":"https:\/\/trema.hr\/?p=9650"},"modified":"2026-03-13T10:33:21","modified_gmt":"2026-03-13T09:33:21","slug":"izlozba-projekta-svjetionik-u-organizaciji-nasih-ucenika","status":"publish","type":"post","link":"https:\/\/trema.hr\/?p=9650","title":{"rendered":"Izlo\u017eba projekta SVJETIONIK u organizaciji u\u010denika 3. gimnazije, Split"},"content":{"rendered":"\n<p>U kvartu Split 3 na platou ispred &#8220;Prime&#8221;, odr\u017eana je prezentacija zanimljivih radova koje su izradili u\u010denici na\u0161e \u0161kole na temu <strong><em>&#8220;Klimatske promjene&#8221;.<\/em><\/strong><br><br>Razdoblje provedbe projekta: 12. o\u017eujka 2025. &#8211; 12. o\u017eujka 2027.<br><br>Nositelj projekta je Udruga za popularizaciju znanosti EUREKA, a projektni partneri uz 3. gimnaziju, Split su CEDRA Split i tri osnovne \u0161kole s podru\u010dja grada Splita.<br><br>U proteklom razdoblju na nizu predavanja i radionica sudjelovali su profesori-mentori: Tamara Pavlovi\u0107 (fizika), Alisa Ru\u017ei\u0107 (kemija), Vesna Dobroni\u0107 (biologija) i Nikica Krni\u0107 (geografija) te vi\u0161e od 80 u\u010denika na\u0161e \u0161kole. Svoje radove podijeljene u osam tema u\u010denici su predstavili i demonstrirali na javnoj izlo\u017ebi na Split 3 u komunikaciji i interakciji s gra\u0111anima. U nastavku izlo\u017eba je prenesena u \u0161kolsku zgradu gdje \u0107e se u proteklom razdoblju mo\u0107i razgledati.<br><br>MIOC poti\u010de interes za znanost i razvoj vje\u0161tina budu\u0107nosti kroz istra\u017eiva\u010dko u\u010denje!<br><br>Projekt je (su)financiran sredstvima EU te iz Dr\u017eavnog prora\u010duna Republike Hrvatske.<\/p>\n\n\n\n<p>U ponedjeljak, 9. o\u017eujka odr\u017eana je javna prezentacija zanimljivih radova koje su izradili u\u010denici na\u0161e \u0161kole na temu <strong>\u201eKlimatske promjene\u201c<\/strong>.<\/p>\n\n\n\n<p>Radovi su nastali u sklopu projekta <strong>\u201eSvjetionik \u2013 STEM vje\u0161tine za ja\u010danje edukacijskih i tehnolo\u0161kih inovacija: obrazovanje, napredak i kreativnost\u201c<\/strong>, \u010diji je cilj ja\u010danje kapaciteta organizacija civilnog dru\u0161tva za provedbu STEM edukacije s posebnim naglaskom na klimatske promjene. Projekt promi\u010de na\u010dela odr\u017eivog razvoja te poti\u010de djecu i mlade na promi\u0161ljanje o suvremenim ekolo\u0161kim izazovima kroz interdisciplinarni STEM pristup.<\/p>\n\n\n\n<p>Sudjelovanjem u ovom projektu MIOC je jo\u0161 jednom pokazao kako je mogu\u0107e poticati razvoj interesa za znanost i razvoj vje\u0161tina budu\u0107nosti kroz istra\u017eiva\u010dko u\u010denje!<\/p>\n\n\n\n<p>Projekt se provodi u razdoblju <strong>od 12. o\u017eujka 2025. do 12. o\u017eujka 2027. godine<\/strong>.<\/p>\n\n\n\n<p>Nositelj projekta je <strong>Udruga za popularizaciju znanosti EUREKA<\/strong>, a projektni partneri su <strong>III. gimnazija Split, CEDRA Split<\/strong> te tri osnovne \u0161kole s podru\u010dja grada Splita.<\/p>\n\n\n\n<p>Dosada\u0161nje projektne aktivnosti uklju\u010divale su niz predavanja i radionica u kojima su sudjelovali profesori mentori:<\/p>\n\n\n\n<ul class=\"wp-block-list\">\n<li>Tamara Pavlovi\u0107 (fizika)<\/li>\n\n\n\n<li>Alisa Ru\u017ei\u0107 (kemija)<\/li>\n\n\n\n<li>Vesna Dobroni\u0107 (biologija)<\/li>\n\n\n\n<li>Nikica Krni\u0107 (geografija)<\/li>\n<\/ul>\n\n\n\n<p>U aktivnostima je sudjelovalo vi\u0161e od <strong>80 u\u010denika na\u0161e \u0161kole<\/strong>. Svoje radove, podijeljene u osam tematskih cjelina, u\u010denici su predstavili i demonstrirali na javnoj izlo\u017ebi koja je postavljena ispred Centra izvrsnosti SD\u017d na Splitu 3. Kroz interakciju s gra\u0111anima i interaktivne materijale za djecu, u\u010denici su promovirali va\u017enost brige za okoli\u0161 i poticali istra\u017eiva\u010dko u\u010denje me\u0111u najmla\u0111ima<\/p>\n\n\n\n<p>Nakon javne prezentacije izlo\u017eba je premje\u0161tena u \u0161kolsku zgradu, gdje \u0107e se radovi mo\u0107i razgledati u narednom razdoblju.<\/p>\n\n\n\n<p>Projekt je <strong>(su)financiran sredstvima Europske unije te iz Dr\u017eavnog prora\u010duna Republike Hrvatske.<\/strong><\/p>\n\n\n\n<figure class=\"wp-block-gallery has-nested-images columns-default is-cropped wp-block-gallery-1 is-layout-flex wp-block-gallery-is-layout-flex\">\n<figure class=\"wp-block-image size-large\"><img loading=\"lazy\" decoding=\"async\" width=\"624\" height=\"832\" data-id=\"9657\" src=\"https:\/\/trema.hr\/wp-content\/uploads\/2026\/03\/Picture1-1.jpg\" alt=\"\" class=\"wp-image-9657\"\/><\/figure>\n\n\n\n<figure class=\"wp-block-image size-large\"><img loading=\"lazy\" decoding=\"async\" width=\"624\" height=\"468\" data-id=\"9656\" src=\"https:\/\/trema.hr\/wp-content\/uploads\/2026\/03\/Picture2-1.jpg\" alt=\"\" class=\"wp-image-9656\"\/><\/figure>\n\n\n\n<figure class=\"wp-block-image size-large\"><img loading=\"lazy\" decoding=\"async\" width=\"624\" height=\"832\" data-id=\"9654\" src=\"https:\/\/trema.hr\/wp-content\/uploads\/2026\/03\/Picture3-1.jpg\" alt=\"\" class=\"wp-image-9654\"\/><\/figure>\n\n\n\n<figure class=\"wp-block-image size-large\"><img loading=\"lazy\" decoding=\"async\" width=\"624\" height=\"468\" data-id=\"9655\" src=\"https:\/\/trema.hr\/wp-content\/uploads\/2026\/03\/Picture4-1.jpg\" alt=\"\" class=\"wp-image-9655\"\/><\/figure>\n\n\n\n<figure class=\"wp-block-image size-large\"><img loading=\"lazy\" decoding=\"async\" width=\"624\" height=\"832\" data-id=\"9658\" src=\"https:\/\/trema.hr\/wp-content\/uploads\/2026\/03\/Picture5-1.jpg\" alt=\"\" class=\"wp-image-9658\"\/><\/figure>\n\n\n\n<figure class=\"wp-block-image size-large\"><img loading=\"lazy\" decoding=\"async\" width=\"624\" height=\"832\" data-id=\"9660\" src=\"https:\/\/trema.hr\/wp-content\/uploads\/2026\/03\/Picture6-1.jpg\" alt=\"\" class=\"wp-image-9660\"\/><\/figure>\n\n\n\n<figure class=\"wp-block-image size-large\"><img loading=\"lazy\" decoding=\"async\" width=\"624\" height=\"832\" data-id=\"9659\" src=\"https:\/\/trema.hr\/wp-content\/uploads\/2026\/03\/Picture7-1.jpg\" alt=\"\" class=\"wp-image-9659\"\/><\/figure>\n\n\n\n<figure class=\"wp-block-image size-large\"><img loading=\"lazy\" decoding=\"async\" width=\"624\" height=\"832\" data-id=\"9662\" src=\"https:\/\/trema.hr\/wp-content\/uploads\/2026\/03\/Picture8.jpg\" alt=\"\" class=\"wp-image-9662\"\/><\/figure>\n\n\n\n<figure class=\"wp-block-image size-large\"><img loading=\"lazy\" decoding=\"async\" width=\"624\" height=\"832\" data-id=\"9663\" src=\"https:\/\/trema.hr\/wp-content\/uploads\/2026\/03\/Picture9.jpg\" alt=\"\" class=\"wp-image-9663\"\/><\/figure>\n\n\n\n<figure class=\"wp-block-image size-large\"><img loading=\"lazy\" decoding=\"async\" width=\"624\" height=\"832\" data-id=\"9661\" src=\"https:\/\/trema.hr\/wp-content\/uploads\/2026\/03\/Picture10.jpg\" alt=\"\" class=\"wp-image-9661\"\/><\/figure>\n\n\n\n<figure class=\"wp-block-image size-large\"><img loading=\"lazy\" decoding=\"async\" width=\"624\" height=\"832\" data-id=\"9665\" src=\"https:\/\/trema.hr\/wp-content\/uploads\/2026\/03\/Picture11.jpg\" alt=\"\" class=\"wp-image-9665\"\/><\/figure>\n\n\n\n<figure class=\"wp-block-image size-large\"><img loading=\"lazy\" decoding=\"async\" width=\"624\" height=\"832\" data-id=\"9664\" src=\"https:\/\/trema.hr\/wp-content\/uploads\/2026\/03\/Picture12.jpg\" alt=\"\" class=\"wp-image-9664\"\/><\/figure>\n\n\n\n<figure class=\"wp-block-image size-large\"><img loading=\"lazy\" decoding=\"async\" width=\"624\" height=\"468\" data-id=\"9666\" src=\"https:\/\/trema.hr\/wp-content\/uploads\/2026\/03\/Picture13.jpg\" alt=\"\" class=\"wp-image-9666\"\/><\/figure>\n<\/figure>\n","protected":false},"excerpt":{"rendered":"<p>U kvartu Split 3 na platou ispred &#8220;Prime&#8221;, odr\u017eana je prezentacija zanimljivih radova koje su izradili u\u010denici na\u0161e \u0161kole na temu &#8220;Klimatske promjene&#8221;. Razdoblje provedbe projekta: 12. o\u017eujka 2025. &#8211; 12. o\u017eujka 2027. Nositelj projekta je Udruga za popularizaciju znanosti EUREKA, a projektni partneri uz 3. gimnaziju, Split su CEDRA Split i tri osnovne \u0161kole&hellip;<\/p>\n","protected":false},"author":1,"featured_media":0,"comment_status":"open","ping_status":"open","sticky":false,"template":"","format":"standard","meta":{"footnotes":""},"categories":[20,97],"tags":[],"class_list":["post-9650","post","type-post","status-publish","format-standard","hentry","category-obavijesti","category-svjetionik"],"gutentor_comment":0,"_links":{"self":[{"href":"https:\/\/trema.hr\/index.php?rest_route=\/wp\/v2\/posts\/9650","targetHints":{"allow":["GET"]}}],"collection":[{"href":"https:\/\/trema.hr\/index.php?rest_route=\/wp\/v2\/posts"}],"about":[{"href":"https:\/\/trema.hr\/index.php?rest_route=\/wp\/v2\/types\/post"}],"author":[{"embeddable":true,"href":"https:\/\/trema.hr\/index.php?rest_route=\/wp\/v2\/users\/1"}],"replies":[{"embeddable":true,"href":"https:\/\/trema.hr\/index.php?rest_route=%2Fwp%2Fv2%2Fcomments&post=9650"}],"version-history":[{"count":3,"href":"https:\/\/trema.hr\/index.php?rest_route=\/wp\/v2\/posts\/9650\/revisions"}],"predecessor-version":[{"id":9669,"href":"https:\/\/trema.hr\/index.php?rest_route=\/wp\/v2\/posts\/9650\/revisions\/9669"}],"wp:attachment":[{"href":"https:\/\/trema.hr\/index.php?rest_route=%2Fwp%2Fv2%2Fmedia&parent=9650"}],"wp:term":[{"taxonomy":"category","embeddable":true,"href":"https:\/\/trema.hr\/index.php?rest_route=%2Fwp%2Fv2%2Fcategories&post=9650"},{"taxonomy":"post_tag","embeddable":true,"href":"https:\/\/trema.hr\/index.php?rest_route=%2Fwp%2Fv2%2Ftags&post=9650"}],"curies":[{"name":"wp","href":"https:\/\/api.w.org\/{rel}","templated":true}]}}