{"id":9492,"date":"2026-01-20T07:41:15","date_gmt":"2026-01-20T06:41:15","guid":{"rendered":"https:\/\/trema.hr\/?p=9492"},"modified":"2026-01-20T07:41:15","modified_gmt":"2026-01-20T06:41:15","slug":"poziv-na-sudjelovanje-na-radionicama","status":"publish","type":"post","link":"https:\/\/trema.hr\/?p=9492","title":{"rendered":"Poziv na sudjelovanje na radionicama"},"content":{"rendered":"\n<p>Pozivamo svu djecu, u\u010denike i mlade na sudjelovanje u edukativnim STEM radionicama i javnim manifestacijama u okviru projekta SVJETIONIK \u2013 STEM vje\u0161tine za ja\u010danje edukacijskih i tehnolo\u0161kih inovacija: obrazovanje, napredak i kreativnost, ref.br. SF.2.4.06.04.0027. Projektne aktivnosti su usmjerene na razvoj STEM vje\u0161tina s posebnim naglaskom na klimatske promjene, odr\u017eivi razvoj i primjenu novih tehnologija. Sudjelovanje je, zahvaljuju\u0107i financijskoj potpori Europske unije iz Europskog socijalnog fonda plus (ESF+), za sve sudionike u potpunosti besplatno. Pozivamo Vas da prijavite svoje dijete na jednu od sljede\u0107ih radionica, koje \u0107e se odr\u017eati u sije\u010dnju u na\u0161oj \u0161koli i prostorijama ostalih projektnih partnera:<\/p>\n\n\n\n<ol class=\"wp-block-list\">\n<li><strong>STEM radionica &#8211; tlak, more i meteotsunami<\/strong><\/li>\n<\/ol>\n\n\n\n<p>Mjesto odr\u017eavanja radionice: Udruga za popularizaciju znanosti Eureka, Vran\u010di\u0107eva 1, Split.<br>Vrijeme odr\u017eavanja radionice: 9. sije\u010dnja 2026. od 10 do 11h.<br>Prijave su obavezne putem obrasca: <a href=\"https:\/\/forms.gle\/pKYqrVAYdGKugD839%20%0d2\">https:\/\/forms.gle\/pKYqrVAYdGKugD839<\/a><\/p>\n\n\n\n<ul class=\"wp-block-list\">\n<li><strong>STEM radionica &#8211; gusto\u0107a mora i salinitet<\/strong><\/li>\n<\/ul>\n\n\n\n<p>Mjesto odr\u017eavanja radionice: Udruga za popularizaciju znanosti Eureka, Vran\u010di\u0107eva 1, Split.<br>Vrijeme odr\u017eavanja radionice: 20. sije\u010dnja 2026. od 17 do 18h.<br>Prijave su obavezne putem obrasca: <a href=\"https:\/\/forms.gle\/mfaJzquHHkbhn8ih7\">https:\/\/forms.gle\/mfaJzquHHkbhn8ih7<\/a><\/p>\n\n\n\n<ul class=\"wp-block-list\">\n<li><strong>2 STEM radionice \u2013 klimatske promjene i odr\u017eive tehnologije<\/strong><\/li>\n<\/ul>\n\n\n\n<p>Mjesto odr\u017eavanja radionica: O\u0160 Lu\u010dac, Omi\u0161ka 27, 21 000 Split<br>Vrijeme odr\u017eavanja radionica: 21. sije\u010dnja 2026. u 12:15-13:00 i 13:15-14:00.<br>Prijave su obavezne putem obrasca: <a href=\"https:\/\/forms.gle\/DWUYSyYECvLLhj989\">https:\/\/forms.gle\/DWUYSyYECvLLhj989<\/a><\/p>\n\n\n\n<ul class=\"wp-block-list\">\n<li><strong>2 STEM radionice \u2013 klimatske promjene i odr\u017eive tehnologije<\/strong><\/li>\n<\/ul>\n\n\n\n<p>Mjesto odr\u017eavanja radionica: III. Gimnazija Split, Ul. Matice hrvatske 11, 21000 Split.<br>Vrijeme odr\u017eavanja radionica: 22. sije\u010dnja 2026. u 18:15-19:00 i 19:15-20:00.<br>Prijave su obavezne putem obrasca: <a href=\"https:\/\/forms.gle\/4eH23A3qNmWaNqYa7\">https:\/\/forms.gle\/4eH23A3qNmWaNqYa7<\/a>&nbsp;<\/p>\n\n\n\n<ul class=\"wp-block-list\">\n<li><strong>4 STEM radionice \u2013 klimatske promjene i odr\u017eive tehnologije<\/strong><\/li>\n<\/ul>\n\n\n\n<p>Mjesto odr\u017eavanja radionica: O\u0160 Kamen \u0160ine, Ul. Gospe od Karmela 1, 21000 Split.<br>Vrijeme odr\u017eavanja radionica: 29. sije\u010dnja 2026. u 14:00-14:45, 14:50-15:35, 15:40-16:25 i 16:45-17:30.<br>Prijave su obavezne putem obrasca: <a href=\"https:\/\/forms.gle\/fZhjrre23umbmXXw6\">https:\/\/forms.gle\/fZhjrre23umbmXXw6<\/a><\/p>\n\n\n\n<ul class=\"wp-block-list\">\n<li><strong>2 STEM radionice \u2013 klimatske promjene i odr\u017eive tehnologije<\/strong><\/li>\n<\/ul>\n\n\n\n<p>Mjesto odr\u017eavanja radionica: O\u0160 \u017drnovnica, Ul. Hrvatskih velikana 41, 21251 \u017drnovnica.<br>Vrijeme odr\u017eavanja radionica: 30. sije\u010dnja 2026. u 10:45-11:30 i 11:35-12:20.<br>Prijave su obavezne putem obrasca: <a href=\"https:\/\/forms.gle\/E9siYSzfVo4mACTJ7\">https:\/\/forms.gle\/E9siYSzfVo4mACTJ7<\/a><\/p>\n\n\n\n<p>Napomena: Broj mjesta na svim radionicama je ograni\u010den! Mjesta se popunjavaju prema vremenu zaprimanja prijave \u2013 prednost imaju oni koji se prvi prijave, u skladu s kriterijima definiranim projektom. Svi sudionici koji osiguraju mjesto na radionici pravodobnom prijavom dobit \u0107e e-mail s potvrdom sudjelovanja. Potvrdu \u0107e pokazati na ulazu u \u0161kolu, nakon \u010dega \u0107e biti upu\u0107eni u prostoriju u kojoj se radionica odr\u017eava.<\/p>\n\n\n\n<p>Uz radionice, u sije\u010dnju \u0107e se odr\u017eati i javna manifestacija STEM izlo\u017eba. Na STEM izlo\u017ebi \u0107e se postaviti \u0161tandovi s razli\u010ditim STEM temama, gdje \u0107e djeca i u\u010denici mo\u0107i saznati vi\u0161e o temama koje ih zanimaju, kao i sudjelovati u jednostavnim interaktivnim eksperimentima. STEM izlo\u017eba odr\u017eat \u0107e se u ponedjeljak, 26. sije\u010dnja 2026. od 09:30 do 12:30 u Vrlici, na adresi Trg dr. Franje Tu\u0111mana 6. Za sudjelovanje u javnim manifestacijama nije potrebna prethodna prijava, dovoljno je samo do\u0107i u uklju\u010diti se!<\/p>\n\n\n\n<p>Vi\u0161e informacija o projektu i projektnim aktivnostima, kao i kalendare doga\u0111anja za svaki mjesec, prona\u0111ite na:&nbsp;<a href=\"https:\/\/www.eureka.hr\/projekti\/svjetionik\" target=\"_blank\" rel=\"noreferrer noopener\"><strong>https:\/\/www.eureka.hr\/projekti\/svjetionik.<\/strong><\/a><\/p>\n\n\n\n<p>Pozivamo sve zainteresirane da se uklju\u010de u aktivnosti, istra\u017ee svijet znanosti kroz igru i istra\u017eivanje te razvijaju vje\u0161tine budu\u0107nosti u okru\u017eenju koje poti\u010de kreativnost i inovacije.<\/p>\n\n\n\n<p>Informacije o projektu i EU financiranju:<\/p>\n\n\n\n<p><em>Projekt SVJETIONIK, ref.br. SF.2.4.06.04.0027 provodi Udruga za popularizaciju znanosti Eureka u partnerstvu sa Prirodoslovno-matemati\u010dkim fakultetom Sveu\u010dili\u0161ta u Splitu, III. Gimnazijom Split, osnovnim \u0161kolama Kamen-\u0160ine, \u017drnovnica i Lu\u010dac te Clusterom za eko-dru\u0161tvene inovacije i razvoj CEDRA Split. Ukupna vrijednost projekta iznosi 267.676,70 EUR, u potpunosti je osigurana bespovratnim sredstvima, od \u010dega 85\u202f% financira Europski socijalni fond plus (ESF+), a 15\u202f% Dr\u017eavni prora\u010dun Republike Hrvatske. Projekt se provodi od 12. o\u017eujka 2025. do 12. o\u017eujka 2027.<\/em><\/p>\n\n\n\n<p><em>Projekt SVJETIONIK &#8211; STEM vje\u0161tine za ja\u010danje edukacijskih i tehnolo\u0161kih inovacija: obrazovanje, napredak i kreativnost usmjeren je na ja\u010danje kapaciteta organizacija civilnoga dru\u0161tva za provedbu STEM edukacije s fokusom na klimatske promjene. Kroz niz radionica, predavanja, izlo\u017ebi i javnih doga\u0111anja, projekt promi\u010de odr\u017eivi razvoj i poti\u010de djecu i mlade na razmi\u0161ljanje o ekolo\u0161kim izazovima dana\u0161njice koriste\u0107i interdisciplinarni STEM pristup.<\/em><\/p>\n\n\n\n<p><em>Cilj projekta je ja\u010danje kapaciteta organizacija civilnoga dru\u0161tva kroz osmi\u0161ljavanje i provedbu STEM radionica za djecu, poticanje interesa za znanost i razvoj vje\u0161tina budu\u0107nosti kroz istra\u017eiva\u010dko u\u010denje.<\/em><\/p>\n\n\n\n<p><em>Projekt se provodi uz financijsku potporu Europske unije iz Europskog socijalnog fonda plus (ESF+), u okviru Programa \u201eU\u010dinkoviti ljudski potencijali 2021. &#8211; 2027.\u201c. Realizira se temeljem Poziva na dostavu projektnih prijedloga &#8220;Ja\u010danje kapaciteta organizacija civilnoga dru\u0161tva za promociju STEM-a&#8221;, s ciljem unaprje\u0111enja kapaciteta organizacija civilnoga dru\u0161tva za razvoj i provedbu.<\/em><\/p>\n\n\n\n<figure class=\"wp-block-image size-large\"><img loading=\"lazy\" decoding=\"async\" width=\"1024\" height=\"212\" src=\"https:\/\/trema.hr\/wp-content\/uploads\/2026\/01\/L_Svjetionik-1024x212.png\" alt=\"\" class=\"wp-image-9493\"\/><\/figure>\n\n\n\n<p><\/p>\n","protected":false},"excerpt":{"rendered":"<p>Pozivamo svu djecu, u\u010denike i mlade na sudjelovanje u edukativnim STEM radionicama i javnim manifestacijama u okviru projekta SVJETIONIK \u2013 STEM vje\u0161tine za ja\u010danje edukacijskih i tehnolo\u0161kih inovacija: obrazovanje, napredak i kreativnost, ref.br. SF.2.4.06.04.0027. Projektne aktivnosti su usmjerene na razvoj STEM vje\u0161tina s posebnim naglaskom na klimatske promjene, odr\u017eivi razvoj i primjenu novih tehnologija. Sudjelovanje&hellip;<\/p>\n","protected":false},"author":1,"featured_media":0,"comment_status":"open","ping_status":"open","sticky":false,"template":"","format":"standard","meta":{"footnotes":""},"categories":[97],"tags":[],"class_list":["post-9492","post","type-post","status-publish","format-standard","hentry","category-svjetionik"],"gutentor_comment":0,"_links":{"self":[{"href":"https:\/\/trema.hr\/index.php?rest_route=\/wp\/v2\/posts\/9492","targetHints":{"allow":["GET"]}}],"collection":[{"href":"https:\/\/trema.hr\/index.php?rest_route=\/wp\/v2\/posts"}],"about":[{"href":"https:\/\/trema.hr\/index.php?rest_route=\/wp\/v2\/types\/post"}],"author":[{"embeddable":true,"href":"https:\/\/trema.hr\/index.php?rest_route=\/wp\/v2\/users\/1"}],"replies":[{"embeddable":true,"href":"https:\/\/trema.hr\/index.php?rest_route=%2Fwp%2Fv2%2Fcomments&post=9492"}],"version-history":[{"count":1,"href":"https:\/\/trema.hr\/index.php?rest_route=\/wp\/v2\/posts\/9492\/revisions"}],"predecessor-version":[{"id":9494,"href":"https:\/\/trema.hr\/index.php?rest_route=\/wp\/v2\/posts\/9492\/revisions\/9494"}],"wp:attachment":[{"href":"https:\/\/trema.hr\/index.php?rest_route=%2Fwp%2Fv2%2Fmedia&parent=9492"}],"wp:term":[{"taxonomy":"category","embeddable":true,"href":"https:\/\/trema.hr\/index.php?rest_route=%2Fwp%2Fv2%2Fcategories&post=9492"},{"taxonomy":"post_tag","embeddable":true,"href":"https:\/\/trema.hr\/index.php?rest_route=%2Fwp%2Fv2%2Ftags&post=9492"}],"curies":[{"name":"wp","href":"https:\/\/api.w.org\/{rel}","templated":true}]}}