{"id":8359,"date":"2025-06-02T09:33:47","date_gmt":"2025-06-02T07:33:47","guid":{"rendered":"https:\/\/trema.hr\/?p=8359"},"modified":"2025-08-29T09:06:34","modified_gmt":"2025-08-29T07:06:34","slug":"druga-edit-konferencija-digitalne-vjestine-za-buducnost-mladih","status":"publish","type":"post","link":"https:\/\/trema.hr\/?p=8359","title":{"rendered":"Druga EDIT konferencija &#8211; Digitalne vje\u0161tine za budu\u0107nost mladih"},"content":{"rendered":"<p>Na Prirodoslovno-matemati\u010dkom fakultetu u Splitu odr\u017eana je druga \u017eupanijska <strong>EDIT konferencija -Razvoj digitalnih vje\u0161tina<\/strong>, u organizaciji <strong>Digitalne Dalmacije<\/strong> i <strong>Splitsko-dalmatinske \u017eupanije<\/strong>. Doga\u0111aj je okupio u\u010denike, nastavnike, mentore i partnere iz podru\u010dja obrazovanja i tehnologije, s ciljem promocije digitalne pismenosti i primijenjenog programiranja.<\/p>\n<p>Konferencija je dio aktivnosti <strong>EDIT CodeSchoola<\/strong>, najve\u0107e \u0161kole primijenjenog programiranja u Hrvatskoj, koju je dosad pro\u0161lo vi\u0161e od <strong>3.500 u\u010denika iz 30 osnovnih i srednjih \u0161kola<\/strong>. EDIT nudi \u0161est te\u010dajeva koji prate suvremene tehnologije i provode se u suradnji s vode\u0107im tehnolo\u0161kim tvrtkama iz regije. U\u010denici kroz timski rad, mentorske radionice i stvarne projekte razvijaju vje\u0161tine iz programiranja, web i mobilnog razvoja te digitalne kreativnosti.<\/p>\n<p>Konferenciju su otvorili predstavnici obrazovnih i znanstvenih institucija: pro\u010delnik UO za prosvjetu <strong>Tomislav \u0110onli\u0107<\/strong>, dekan PMF-a <strong>Ante Bilu\u0161i\u0107<\/strong>, <strong>Nata\u0161a Zvonar<\/strong> iz Agencije za odgoj i obrazovanje, rektor splitskog Sveu\u010dili\u0161ta <strong>Dragan Ljuti\u0107<\/strong>. Posebnu inspiraciju publici je pru\u017eio poznati meteorolog <strong>Zoran Vakula<\/strong>, koji je u svom izlaganju naglasio va\u017enost interpretacije podataka i interdisciplinarnog pristupa u\u010denju.<\/p>\n<p>Predstavili su se i nagradili najbolji u\u010deni\u010dki radovi, a za kraj je odr\u017ean interaktivni kviz u suradnji s timom <strong>ScanEat<\/strong> iz GROWit akceleratora Digitalne Dalmacije. Konferencija je dodatno potvrdila va\u017enost ulaganja u digitalno obrazovanje svih generacija te prikazala snagu suradnje izme\u0111u \u0161kola, fakulteta, tehnolo\u0161kih poduzetnika i lokalne zajednice.<\/p>\n<p><u>Nagra\u0111eni radovi za EDIT osnovni te\u010daj:<\/u><\/p>\n<p><strong>Toni Borozan, 1. c i Rafaela Vu\u010dica<\/strong>, <strong>1. c<\/strong> za \u201ePixasso\u201c<\/p>\n<p><img loading=\"lazy\" decoding=\"async\" class=\"alignnone size-full wp-image-8368\" src=\"https:\/\/trema.hr\/wp-content\/uploads\/2025\/06\/WhatsApp-Image-2025-06-02-at-10.08.24-AM-3.jpeg\" alt=\"\" width=\"605\" height=\"429\" srcset=\"https:\/\/trema.hr\/wp-content\/uploads\/2025\/06\/WhatsApp-Image-2025-06-02-at-10.08.24-AM-3.jpeg 605w, https:\/\/trema.hr\/wp-content\/uploads\/2025\/06\/WhatsApp-Image-2025-06-02-at-10.08.24-AM-3-340x240.jpeg 340w\" sizes=\"auto, (max-width: 605px) 100vw, 605px\" \/><\/p>\n<p><u>Nagra\u0111eni radovi za EDIT srednji te\u010daj:<\/u><\/p>\n<p><strong>Fabjan Marasovi\u0107, 2. d <\/strong>za \u201eNau\u010di jezik\u201c.<\/p>\n<p><img loading=\"lazy\" decoding=\"async\" class=\"alignnone size-full wp-image-8369\" src=\"https:\/\/trema.hr\/wp-content\/uploads\/2025\/06\/WhatsApp-Image-2025-06-02-at-10.08.24-AM-2.jpeg\" alt=\"\" width=\"605\" height=\"383\" \/><\/p>\n<p><u>Nagra\u0111eni radovi za EDIT napredni te\u010daj:<\/u><\/p>\n<p><strong>Ivano Eterovi\u0107, 2. e<\/strong> za \u201eStaySplit\u201c.<\/p>\n<p><img loading=\"lazy\" decoding=\"async\" class=\"alignnone size-full wp-image-8367\" src=\"https:\/\/trema.hr\/wp-content\/uploads\/2025\/06\/WhatsApp-Image-2025-06-02-at-10.08.24-AM-4.jpeg\" alt=\"\" width=\"605\" height=\"415\" \/><\/p>\n<p>\u00a0<\/p>\n<p>\u00a0<\/p>\n\n\n<figure class=\"wp-block-gallery has-nested-images columns-default is-cropped wp-block-gallery-1 is-layout-flex wp-block-gallery-is-layout-flex\">\n<figure class=\"wp-block-image size-large\"><img loading=\"lazy\" decoding=\"async\" width=\"605\" height=\"403\" data-id=\"8374\" src=\"https:\/\/trema.hr\/wp-content\/uploads\/2025\/06\/WhatsApp-Image-2025-06-02-at-10.08.23-AM.jpeg\" alt=\"\" class=\"wp-image-8374\"\/><\/figure>\n\n\n\n<figure class=\"wp-block-image size-large\"><img loading=\"lazy\" decoding=\"async\" width=\"605\" height=\"403\" data-id=\"8373\" src=\"https:\/\/trema.hr\/wp-content\/uploads\/2025\/06\/WhatsApp-Image-2025-06-02-at-10.08.23-AM-1.jpeg\" alt=\"\" class=\"wp-image-8373\"\/><\/figure>\n\n\n\n<figure class=\"wp-block-image size-large\"><img loading=\"lazy\" decoding=\"async\" width=\"605\" height=\"403\" data-id=\"8372\" src=\"https:\/\/trema.hr\/wp-content\/uploads\/2025\/06\/WhatsApp-Image-2025-06-02-at-10.08.23-AM-2.jpeg\" alt=\"\" class=\"wp-image-8372\"\/><\/figure>\n\n\n\n<figure class=\"wp-block-image size-large\"><img loading=\"lazy\" decoding=\"async\" width=\"605\" height=\"403\" data-id=\"8371\" src=\"https:\/\/trema.hr\/wp-content\/uploads\/2025\/06\/WhatsApp-Image-2025-06-02-at-10.08.24-AM.jpeg\" alt=\"\" class=\"wp-image-8371\"\/><\/figure>\n\n\n\n<figure class=\"wp-block-image size-large\"><img loading=\"lazy\" decoding=\"async\" width=\"605\" height=\"806\" data-id=\"8370\" src=\"https:\/\/trema.hr\/wp-content\/uploads\/2025\/06\/WhatsApp-Image-2025-06-02-at-10.08.24-AM-1.jpeg\" alt=\"\" class=\"wp-image-8370\"\/><\/figure>\n<\/figure>\n\n\n\n<div data-wp-interactive=\"core\/file\" class=\"wp-block-file\"><object data-wp-bind--hidden=\"!state.hasPdfPreview\" hidden class=\"wp-block-file__embed\" data=\"https:\/\/trema.hr\/wp-content\/uploads\/2025\/06\/Kratka-verzija_Druga-EDIT-konferencija.pdf\" type=\"application\/pdf\" style=\"width:100%;height:600px\" aria-label=\"Ugra\u0111eno Druga-EDIT-konferencija.\"><\/object><a id=\"wp-block-file--media-6ffab6fd-ffb8-4b32-9e0f-bc528976fec7\" href=\"https:\/\/trema.hr\/wp-content\/uploads\/2025\/06\/Kratka-verzija_Druga-EDIT-konferencija.pdf\">Druga-EDIT-konferencija<\/a><a href=\"https:\/\/trema.hr\/wp-content\/uploads\/2025\/06\/Kratka-verzija_Druga-EDIT-konferencija.pdf\" class=\"wp-block-file__button wp-element-button\" download aria-describedby=\"wp-block-file--media-6ffab6fd-ffb8-4b32-9e0f-bc528976fec7\">Preuzmi<\/a><\/div>\n","protected":false},"excerpt":{"rendered":"<p>Na Prirodoslovno-matemati\u010dkom fakultetu u Splitu odr\u017eana je druga \u017eupanijska EDIT konferencija -Razvoj digitalnih vje\u0161tina, u organizaciji Digitalne Dalmacije i Splitsko-dalmatinske \u017eupanije. Doga\u0111aj je okupio u\u010denike, nastavnike, mentore i partnere iz podru\u010dja obrazovanja i tehnologije, s ciljem promocije digitalne pismenosti i primijenjenog programiranja. Konferencija je dio aktivnosti EDIT CodeSchoola, najve\u0107e \u0161kole primijenjenog programiranja u Hrvatskoj, koju&hellip;<\/p>\n","protected":false},"author":1,"featured_media":0,"comment_status":"open","ping_status":"open","sticky":false,"template":"","format":"standard","meta":{"footnotes":""},"categories":[21,20,94],"tags":[],"class_list":["post-8359","post","type-post","status-publish","format-standard","hentry","category-natjecanja","category-obavijesti","category-ostala-natjecanja"],"gutentor_comment":0,"_links":{"self":[{"href":"https:\/\/trema.hr\/index.php?rest_route=\/wp\/v2\/posts\/8359","targetHints":{"allow":["GET"]}}],"collection":[{"href":"https:\/\/trema.hr\/index.php?rest_route=\/wp\/v2\/posts"}],"about":[{"href":"https:\/\/trema.hr\/index.php?rest_route=\/wp\/v2\/types\/post"}],"author":[{"embeddable":true,"href":"https:\/\/trema.hr\/index.php?rest_route=\/wp\/v2\/users\/1"}],"replies":[{"embeddable":true,"href":"https:\/\/trema.hr\/index.php?rest_route=%2Fwp%2Fv2%2Fcomments&post=8359"}],"version-history":[{"count":4,"href":"https:\/\/trema.hr\/index.php?rest_route=\/wp\/v2\/posts\/8359\/revisions"}],"predecessor-version":[{"id":8378,"href":"https:\/\/trema.hr\/index.php?rest_route=\/wp\/v2\/posts\/8359\/revisions\/8378"}],"wp:attachment":[{"href":"https:\/\/trema.hr\/index.php?rest_route=%2Fwp%2Fv2%2Fmedia&parent=8359"}],"wp:term":[{"taxonomy":"category","embeddable":true,"href":"https:\/\/trema.hr\/index.php?rest_route=%2Fwp%2Fv2%2Fcategories&post=8359"},{"taxonomy":"post_tag","embeddable":true,"href":"https:\/\/trema.hr\/index.php?rest_route=%2Fwp%2Fv2%2Ftags&post=8359"}],"curies":[{"name":"wp","href":"https:\/\/api.w.org\/{rel}","templated":true}]}}