{"id":8063,"date":"2025-04-02T12:23:57","date_gmt":"2025-04-02T10:23:57","guid":{"rendered":"https:\/\/trema.hr\/?p=8063"},"modified":"2025-08-29T09:16:01","modified_gmt":"2025-08-29T07:16:01","slug":"rezultati-zupanijskog-natjecanja-iz-matematike-i-pozvani-ucenici-na-drzavno-natjecanje","status":"publish","type":"post","link":"https:\/\/trema.hr\/?p=8063","title":{"rendered":"Rezultati \u017eupanijskog Natjecanja iz matematike"},"content":{"rendered":"\n<p>Rezultati \u017eupanijskog Natjecanja iz matematike nakon revizije u Zagrebu.<\/p>\n\n\n\n<p><strong>Kona\u010dni rezultati \u017eupanijskog Natjecanja iz matematike, odr\u017eanog 14.03.2025. :<\/strong><\/p>\n\n\n\n<figure class=\"wp-block-table\"><table><tbody><tr><td colspan=\"4\"><strong>1.razred<\/strong><\/td><\/tr><tr><td>Ime i prezime u\u010denika<\/td><td>Mentor<\/td><td>Rang<\/td><td>\u0160kola<\/td><\/tr><tr><td>Max Barbari\u0107<\/td><td>Lada Tudor Jaki\u0107, prof.<\/td><td>1<\/td><td>III.gimnazija, Split<\/td><\/tr><tr><td>Petar Primorac<\/td><td>Snje\u017eana Serdar, prof.<\/td><td>2<\/td><td>III.gimnazija, Split<\/td><\/tr><tr><td>Antonela Bo\u017ei\u0107<\/td><td>Lada Tudor Jaki\u0107, prof.<\/td><td>3<\/td><td>III.gimnazija, Split<\/td><\/tr><tr><td>Ana Purki\u0107<\/td><td>Lada Tudor Jaki\u0107, prof.<\/td><td>4<\/td><td>III.gimnazija, Split<\/td><\/tr><tr><td>Ivan Vuko<\/td><td>Lada Tudor Jaki\u0107, prof.<\/td><td>4<\/td><td>III.gimnazija, Split<\/td><\/tr><tr><td>Tomislav Lemo<\/td><td>Ivana Milanovi\u0107, prof.<\/td><td>5<\/td><td>III.gimnazija, Split<\/td><\/tr><\/tbody><\/table><\/figure>\n\n\n\n<figure class=\"wp-block-table\"><table><tbody><tr><td colspan=\"4\"><strong>2.razred<\/strong><\/td><\/tr><tr><td>Ime i prezime u\u010denika<\/td><td>Mentor<\/td><td>Rang<\/td><td>\u0160kola<\/td><\/tr><tr><td>Karlo Kru\u017ei\u010devi\u0107<\/td><td>Ivana Milanovi\u0107, prof.<\/td><td>1<\/td><td>III.gimnazija, Split<\/td><\/tr><tr><td>Tonci Crljen<\/td><td>Pero Mihaljevi\u0107, prof.<\/td><td>2<\/td><td>III.gimnazija, Split<\/td><\/tr><tr><td>Vito To\u0161evski<\/td><td>Ivana Milanovi\u0107, prof.<\/td><td>2<\/td><td>III.gimnazija, Split<\/td><\/tr><tr><td>Tihomir Grubi\u0161i\u0107<\/td><td>Ana Mende\u0161, prof.<\/td><td>3<\/td><td>Gimnazija dr. Mate Ujevi\u0107, Imotski<\/td><\/tr><tr><td>Lovre Ta\u0161ev<\/td><td>Marin \u010calo, prof.<\/td><td>4<\/td><td>III.gimnazija, Split<\/td><\/tr><tr><td>Roko Pazinovi\u0107<\/td><td>Ivana Milanovi\u0107, prof.<\/td><td>5<\/td><td>III.gimnazija, Split<\/td><\/tr><\/tbody><\/table><\/figure>\n\n\n\n<figure class=\"wp-block-table\"><table><tbody><tr><td colspan=\"4\"><strong>3.razred<\/strong><\/td><\/tr><tr><td>Ime i prezime u\u010denika<\/td><td>Mentor<\/td><td>Rang<\/td><td>\u0160kola<\/td><\/tr><tr><td>Adrian Mi\u0161i\u0107<\/td><td>Ivana Milanovi\u0107, prof.<\/td><td>1<\/td><td>III.gimnazija, Split<\/td><\/tr><tr><td>Jo\u0161ua Cvitanovi\u0107<\/td><td>Vinka Vuli\u0107, prof.<\/td><td>2<\/td><td>Prirodoslovna \u0161kola Split<\/td><\/tr><tr><td>Mauro Vidovi\u0107 Vranac<\/td><td>Pero Mihaljevi\u0107, prof.<\/td><td>3<\/td><td>III.gimnazija, Split<\/td><\/tr><tr><td>Ivan Zorn<\/td><td>Pero Mihaljevi\u0107, prof.<\/td><td>4<\/td><td>III.gimnazija, Split<\/td><\/tr><tr><td>An\u0111ela Vukojevi\u0107<\/td><td>Ivana Milanovi\u0107, prof.<\/td><td>5<\/td><td>III.gimnazija, Split<\/td><\/tr><tr><td>Teo \u010coti\u0107<\/td><td>Mia Milun, prof.<\/td><td>6<\/td><td>III.gimnazija, Split<\/td><\/tr><\/tbody><\/table><\/figure>\n\n\n\n<figure class=\"wp-block-table\"><table><tbody><tr><td colspan=\"4\"><strong>4.razred<\/strong><\/td><\/tr><tr><td>Ime i prezime u\u010denika<\/td><td>Mentor<\/td><td>Rang<\/td><td>\u0160kola<\/td><\/tr><tr><td>Emanuel Bajami\u0107 ( ostvarenih svih 50 bodova )<\/td><td>Jurica \u0106udina, prof.<\/td><td>1<\/td><td>III.gimnazija, Split<\/td><\/tr><tr><td>Patrik Cvetek ( ostvarenih &nbsp;svih 50 bodova )<\/td><td>Ana Jura\u010di\u0107, \u00a0prof.<\/td><td>1<\/td><td>Elektrotehni\u010dka \u0161kola Split<\/td><\/tr><tr><td>Tomislav Biland\u017ei\u0107<\/td><td>Jurica \u0106udina, prof.<\/td><td>2<\/td><td>III.gimnazija, Split<\/td><\/tr><tr><td>Stipe Poljak<\/td><td>Marin \u010calo, prof.<\/td><td>2<\/td><td>III.gimnazija, Split<\/td><\/tr><tr><td>Ivano Glibota<\/td><td>Jurica \u0106udina, prof.<\/td><td>3<\/td><td>III.gimnazija, Split<\/td><\/tr><tr><td>Frane An\u0111eli\u0107<\/td><td>Snje\u017eana Serdar, prof.<\/td><td>4<\/td><td>III.gimnazija, Split<\/td><\/tr><\/tbody><\/table><\/figure>\n\n\n<h3>\u010cestitamo svim u\u010denicima i njihovim mentorima.<\/h3>","protected":false},"excerpt":{"rendered":"<p>Rezultati \u017eupanijskog Natjecanja iz matematike nakon revizije u Zagrebu. Kona\u010dni rezultati \u017eupanijskog Natjecanja iz matematike, odr\u017eanog 14.03.2025. : 1.razred Ime i prezime u\u010denika Mentor Rang \u0160kola Max Barbari\u0107 Lada Tudor Jaki\u0107, prof. 1 III.gimnazija, Split Petar Primorac Snje\u017eana Serdar, prof. 2 III.gimnazija, Split Antonela Bo\u017ei\u0107 Lada Tudor Jaki\u0107, prof. 3 III.gimnazija, Split Ana Purki\u0107 Lada&hellip;<\/p>\n","protected":false},"author":1,"featured_media":0,"comment_status":"open","ping_status":"open","sticky":false,"template":"","format":"standard","meta":{"footnotes":""},"categories":[21,20,92],"tags":[],"class_list":["post-8063","post","type-post","status-publish","format-standard","hentry","category-natjecanja","category-obavijesti","category-zupanijska-natjecanja"],"gutentor_comment":0,"_links":{"self":[{"href":"https:\/\/trema.hr\/index.php?rest_route=\/wp\/v2\/posts\/8063","targetHints":{"allow":["GET"]}}],"collection":[{"href":"https:\/\/trema.hr\/index.php?rest_route=\/wp\/v2\/posts"}],"about":[{"href":"https:\/\/trema.hr\/index.php?rest_route=\/wp\/v2\/types\/post"}],"author":[{"embeddable":true,"href":"https:\/\/trema.hr\/index.php?rest_route=\/wp\/v2\/users\/1"}],"replies":[{"embeddable":true,"href":"https:\/\/trema.hr\/index.php?rest_route=%2Fwp%2Fv2%2Fcomments&post=8063"}],"version-history":[{"count":13,"href":"https:\/\/trema.hr\/index.php?rest_route=\/wp\/v2\/posts\/8063\/revisions"}],"predecessor-version":[{"id":8081,"href":"https:\/\/trema.hr\/index.php?rest_route=\/wp\/v2\/posts\/8063\/revisions\/8081"}],"wp:attachment":[{"href":"https:\/\/trema.hr\/index.php?rest_route=%2Fwp%2Fv2%2Fmedia&parent=8063"}],"wp:term":[{"taxonomy":"category","embeddable":true,"href":"https:\/\/trema.hr\/index.php?rest_route=%2Fwp%2Fv2%2Fcategories&post=8063"},{"taxonomy":"post_tag","embeddable":true,"href":"https:\/\/trema.hr\/index.php?rest_route=%2Fwp%2Fv2%2Ftags&post=8063"}],"curies":[{"name":"wp","href":"https:\/\/api.w.org\/{rel}","templated":true}]}}