{"id":7708,"date":"2024-10-16T13:22:30","date_gmt":"2024-10-16T11:22:30","guid":{"rendered":"https:\/\/trema.hr\/?p=7708"},"modified":"2024-10-16T13:23:21","modified_gmt":"2024-10-16T11:23:21","slug":"filmska-druzina-treca-scena-ugostila-redatelja-borisa-poljaka","status":"publish","type":"post","link":"https:\/\/trema.hr\/?p=7708","title":{"rendered":"Filmska dru\u017eina &#8220;Tre\u0107a scena&#8221; ugostila redatelja Borisa Poljaka"},"content":{"rendered":"\n<p>Iznimno zadovoljstvo i \u010dast bilo je ugostiti i u\u010diti od vi\u0161estruko nagra\u0111ivanog filmskog i televizijskog snimatelja i redatelja Borisa Poljaka koji nam se pridru\u017eio na sastanku Tre\u0107e scene. Filmska dru\u017eina III. gimnazije, Split imala je priliku upoznati ovog hvaljenog snimatelja i direktora fotografije koji je ujedno i jedan od najistaknutijih hrvatskih eksperimentalnih i dokumentarnih autora. Veliko hvala Kino klubu Split, a posebno njegovom predsjedniku Polji! \ud83d\ude09<\/p>\n\n\n\n<figure class=\"wp-block-gallery has-nested-images columns-default is-cropped wp-block-gallery-1 is-layout-flex wp-block-gallery-is-layout-flex\">\n<figure class=\"wp-block-image size-large\"><img loading=\"lazy\" decoding=\"async\" width=\"1024\" height=\"898\" data-id=\"7709\" src=\"https:\/\/trema.hr\/wp-content\/uploads\/2024\/10\/WhatsApp-Image-2024-10-16-at-12.26.01-2-1024x898.jpeg\" alt=\"\" class=\"wp-image-7709\"\/><\/figure>\n\n\n\n<figure class=\"wp-block-image size-large\"><img loading=\"lazy\" decoding=\"async\" width=\"1024\" height=\"921\" data-id=\"7710\" src=\"https:\/\/trema.hr\/wp-content\/uploads\/2024\/10\/WhatsApp-Image-2024-10-16-at-12.26.01-1-1024x921.jpeg\" alt=\"\" class=\"wp-image-7710\"\/><\/figure>\n\n\n\n<figure class=\"wp-block-image size-large\"><img loading=\"lazy\" decoding=\"async\" width=\"1024\" height=\"951\" data-id=\"7711\" src=\"https:\/\/trema.hr\/wp-content\/uploads\/2024\/10\/WhatsApp-Image-2024-10-16-at-12.26.01-1024x951.jpeg\" alt=\"\" class=\"wp-image-7711\"\/><\/figure>\n<\/figure>\n","protected":false},"excerpt":{"rendered":"<p>Iznimno zadovoljstvo i \u010dast bilo je ugostiti i u\u010diti od vi\u0161estruko nagra\u0111ivanog filmskog i televizijskog snimatelja i redatelja Borisa Poljaka koji nam se pridru\u017eio na sastanku Tre\u0107e scene. Filmska dru\u017eina III. gimnazije, Split imala je priliku upoznati ovog hvaljenog snimatelja i direktora fotografije koji je ujedno i jedan od najistaknutijih hrvatskih eksperimentalnih i dokumentarnih autora.&hellip;<\/p>\n","protected":false},"author":1,"featured_media":0,"comment_status":"open","ping_status":"open","sticky":false,"template":"","format":"standard","meta":{"footnotes":""},"categories":[20],"tags":[],"class_list":["post-7708","post","type-post","status-publish","format-standard","hentry","category-obavijesti"],"gutentor_comment":0,"_links":{"self":[{"href":"https:\/\/trema.hr\/index.php?rest_route=\/wp\/v2\/posts\/7708","targetHints":{"allow":["GET"]}}],"collection":[{"href":"https:\/\/trema.hr\/index.php?rest_route=\/wp\/v2\/posts"}],"about":[{"href":"https:\/\/trema.hr\/index.php?rest_route=\/wp\/v2\/types\/post"}],"author":[{"embeddable":true,"href":"https:\/\/trema.hr\/index.php?rest_route=\/wp\/v2\/users\/1"}],"replies":[{"embeddable":true,"href":"https:\/\/trema.hr\/index.php?rest_route=%2Fwp%2Fv2%2Fcomments&post=7708"}],"version-history":[{"count":1,"href":"https:\/\/trema.hr\/index.php?rest_route=\/wp\/v2\/posts\/7708\/revisions"}],"predecessor-version":[{"id":7712,"href":"https:\/\/trema.hr\/index.php?rest_route=\/wp\/v2\/posts\/7708\/revisions\/7712"}],"wp:attachment":[{"href":"https:\/\/trema.hr\/index.php?rest_route=%2Fwp%2Fv2%2Fmedia&parent=7708"}],"wp:term":[{"taxonomy":"category","embeddable":true,"href":"https:\/\/trema.hr\/index.php?rest_route=%2Fwp%2Fv2%2Fcategories&post=7708"},{"taxonomy":"post_tag","embeddable":true,"href":"https:\/\/trema.hr\/index.php?rest_route=%2Fwp%2Fv2%2Ftags&post=7708"}],"curies":[{"name":"wp","href":"https:\/\/api.w.org\/{rel}","templated":true}]}}