{"id":6607,"date":"2023-11-25T19:09:32","date_gmt":"2023-11-25T18:09:32","guid":{"rendered":"https:\/\/trema.hr\/?p=6607"},"modified":"2023-12-01T13:13:22","modified_gmt":"2023-12-01T12:13:22","slug":"erasmus-projekt-skolskog-partnerstva-let-us-sail-together","status":"publish","type":"post","link":"https:\/\/trema.hr\/?p=6607","title":{"rendered":"Erasmus+ projekt \u0161kolskog partnerstva \u201eLet us sail together\u201c."},"content":{"rendered":"\n<p>Erasmus+ projekt \u0161kolskog partnerstva \u201eLet us sail together\u201c.<br>Zajedni\u010dki rad na projektu trajao je pune tri godine, od 1.9.2020. do 31.8.2023.<br>Tijekom prve godine projektne aktivnosti obavljali smo na mre\u017ei, a preostale dvije zaslu\u017eeno smo putovali na mobilnosti. Mobilnosti su odr\u017eane u \u0160vedskoj, Hrvatskoj, na Islandu, u Gr\u010dkoj, u Portugalu i u Turskoj.<br>Zajedni\u010dkim radom, u\u010denici iz svih 6 zemalja izradili su hibridnu knjigu.<br>Pro\u010ditajte na\u0161u digitalnu hibridnu knjigu i saznat \u0107ete koje su glavne teme projekta, \u0161to smo na mobilnostima radili , kako smo se dru\u017eili. U\u017eivat \u0107ete u fotografijama i videima.<br>Sigurni smo da \u0107e vas motivirati za sudjelovanje u budu\u0107im Erasmus+ projektima.<br>Suradnja i kreativnost\u2026 budu\u0107nost mladih!<\/p>\n\n\n\n<p>Knjiga: <a href=\"https:\/\/online.fliphtml5.com\/cwolj\/qcii\/\" target=\"_blank\" rel=\"noreferrer noopener\">https:\/\/online.fliphtml5.com\/cwolj\/qcii\/<\/a><\/p>\n\n\n\n<p>Do\u0111i i ti !<\/p>\n\n\n\n<figure class=\"wp-block-image size-large\"><a href=\"https:\/\/online.fliphtml5.com\/cwolj\/qcii\/\" target=\"_blank\" rel=\"noreferrer noopener\"><img loading=\"lazy\" decoding=\"async\" width=\"684\" height=\"1024\" src=\"https:\/\/trema.hr\/wp-content\/uploads\/2023\/11\/poster-684x1024.png\" alt=\"\" class=\"wp-image-6657\"\/><\/a><\/figure>\n\n\n\n<figure class=\"wp-block-image size-full is-resized\"><img loading=\"lazy\" decoding=\"async\" src=\"https:\/\/trema.hr\/wp-content\/uploads\/2023\/11\/Screenshot-2023-11-27-081458.png\" alt=\"\" class=\"wp-image-6613\" width=\"229\" height=\"300\"\/><\/figure>\n","protected":false},"excerpt":{"rendered":"<p>Erasmus+ projekt \u0161kolskog partnerstva \u201eLet us sail together\u201c.Zajedni\u010dki rad na projektu trajao je pune tri godine, od 1.9.2020. do 31.8.2023.Tijekom prve godine projektne aktivnosti obavljali smo na mre\u017ei, a preostale dvije zaslu\u017eeno smo putovali na mobilnosti. Mobilnosti su odr\u017eane u \u0160vedskoj, Hrvatskoj, na Islandu, u Gr\u010dkoj, u Portugalu i u Turskoj.Zajedni\u010dkim radom, u\u010denici iz svih&hellip;<\/p>\n","protected":false},"author":1,"featured_media":0,"comment_status":"open","ping_status":"open","sticky":false,"template":"","format":"standard","meta":{"footnotes":""},"categories":[84],"tags":[],"class_list":["post-6607","post","type-post","status-publish","format-standard","hentry","category-zavrseni-erasmus-projekti"],"gutentor_comment":0,"_links":{"self":[{"href":"https:\/\/trema.hr\/index.php?rest_route=\/wp\/v2\/posts\/6607","targetHints":{"allow":["GET"]}}],"collection":[{"href":"https:\/\/trema.hr\/index.php?rest_route=\/wp\/v2\/posts"}],"about":[{"href":"https:\/\/trema.hr\/index.php?rest_route=\/wp\/v2\/types\/post"}],"author":[{"embeddable":true,"href":"https:\/\/trema.hr\/index.php?rest_route=\/wp\/v2\/users\/1"}],"replies":[{"embeddable":true,"href":"https:\/\/trema.hr\/index.php?rest_route=%2Fwp%2Fv2%2Fcomments&post=6607"}],"version-history":[{"count":7,"href":"https:\/\/trema.hr\/index.php?rest_route=\/wp\/v2\/posts\/6607\/revisions"}],"predecessor-version":[{"id":6684,"href":"https:\/\/trema.hr\/index.php?rest_route=\/wp\/v2\/posts\/6607\/revisions\/6684"}],"wp:attachment":[{"href":"https:\/\/trema.hr\/index.php?rest_route=%2Fwp%2Fv2%2Fmedia&parent=6607"}],"wp:term":[{"taxonomy":"category","embeddable":true,"href":"https:\/\/trema.hr\/index.php?rest_route=%2Fwp%2Fv2%2Fcategories&post=6607"},{"taxonomy":"post_tag","embeddable":true,"href":"https:\/\/trema.hr\/index.php?rest_route=%2Fwp%2Fv2%2Ftags&post=6607"}],"curies":[{"name":"wp","href":"https:\/\/api.w.org\/{rel}","templated":true}]}}