{"id":10390,"date":"2026-09-02T12:01:14","date_gmt":"2026-09-02T10:01:14","guid":{"rendered":"https:\/\/trema.hr\/?p=10390"},"modified":"2026-09-02T12:01:14","modified_gmt":"2026-09-02T10:01:14","slug":"obavijest-za-prvi-dan-nastave-sk-godine-2026-2027","status":"publish","type":"post","link":"https:\/\/trema.hr\/?p=10390","title":{"rendered":"Obavijest za prvi dan nastave \u0161k. godine 2026.\/2027."},"content":{"rendered":"\n<p>Dragi u\u010denici i roditelji,<\/p>\n\n\n\n<p>u prilo\u017eenom dokumentu mo\u017eete prona\u0107i sve va\u017ene informacije vezane uz prvi dan nastave u \u0161kolskoj godini 2026.\/2027. \u2013 vrijeme dolaska u\u010denika, raspored nastave te raspored razrednih odjela po u\u010dionicama.<\/p>\n\n\n\n<p>Veselimo se ponovnom susretu i \u017eelimo svima sretan i uspje\u0161an po\u010detak nove \u0161kolske godine!<\/p>\n\n\n<p><a href=\"https:\/\/trema.hr\/wp-content\/uploads\/2026\/09\/UPUTE-ZA-PRVI-DAN-nastave-SK.-G.-26.-27-compressed.pdf\">UPUTE ZA PRVI DAN NASTAV \u0160K. G.-26.-27.pdf<\/a><\/p>\n\n<div class=\"ead-preview\"><div class=\"ead-document\" style=\"position: relative;padding-top: 90%;\"><div class=\"ead-iframe-wrapper\"><iframe src=\"\/\/docs.google.com\/viewer?url=https%3A%2F%2Ftrema.hr%2Fwp-content%2Fuploads%2F2026%2F09%2FUPUTE-ZA-PRVI-DAN-nastave-SK.-G.-26.-27-compressed.pdf&amp;embedded=true&amp;hl=en\" title=\"Embedded Document\" class=\"ead-iframe\" style=\"width: 100%;height: 100%;border: none;position: absolute;left: 0;top: 0;visibility: hidden;\"><\/iframe><\/div>\t\t\t<div class=\"ead-document-loading\" style=\"width:100%;height:100%;position:absolute;left:0;top:0;z-index:10;\">\n\t\t\t\t<div class=\"ead-loading-wrap\">\n\t\t\t\t\t<div class=\"ead-loading-main\">\n\t\t\t\t\t\t<div class=\"ead-loading\">\n\t\t\t\t\t\t\t<img loading=\"lazy\" decoding=\"async\" src=\"https:\/\/trema.hr\/wp-content\/plugins\/embed-any-document\/images\/loading.svg\" width=\"55\" height=\"55\" alt=\"Loader\">\n\t\t\t\t\t\t\t<span>Loading&#8230;<\/span>\n\t\t\t\t\t\t<\/div>\n\t\t\t\t\t<\/div>\n\t\t\t\t\t<div class=\"ead-loading-foot\">\n\t\t\t\t\t\t<div class=\"ead-loading-foot-title\">\n\t\t\t\t\t\t\t<img loading=\"lazy\" decoding=\"async\" src=\"https:\/\/trema.hr\/wp-content\/plugins\/embed-any-document\/images\/EAD-logo.svg\" alt=\"EAD Logo\" width=\"36\" height=\"23\"\/>\n\t\t\t\t\t\t\t<span>Taking too long?<\/span>\n\t\t\t\t\t\t<\/div>\n\t\t\t\t\t\t<p>\n\t\t\t\t\t\t\t<div class=\"ead-document-btn ead-reload-btn\" role=\"button\">\n\t\t\t\t\t\t\t\t<img loading=\"lazy\" decoding=\"async\" src=\"https:\/\/trema.hr\/wp-content\/plugins\/embed-any-document\/images\/reload.svg\" alt=\"Reload\" width=\"12\" height=\"12\"\/> Reload document\t\t\t\t\t\t\t<\/div>\n\t\t\t\t\t\t\t<span>|<\/span>\n\t\t\t\t\t\t\t<a href=\"https:\/\/trema.hr\/wp-content\/uploads\/2026\/09\/UPUTE-ZA-PRVI-DAN-nastave-SK.-G.-26.-27-compressed.pdf\" class=\"ead-document-btn\" target=\"_blank\">\n\t\t\t\t\t\t\t\t<img loading=\"lazy\" decoding=\"async\" src=\"https:\/\/trema.hr\/wp-content\/plugins\/embed-any-document\/images\/open.svg\" alt=\"Open\" width=\"12\" height=\"12\"\/> Open in new tab\t\t\t\t\t\t\t<\/a>\n\t\t\t\t\t<\/div>\n\t\t\t\t<\/div>\n\t\t\t<\/div>\n\t\t<\/div><\/div>","protected":false},"excerpt":{"rendered":"<p>Dragi u\u010denici i roditelji, u prilo\u017eenom dokumentu mo\u017eete prona\u0107i sve va\u017ene informacije vezane uz prvi dan nastave u \u0161kolskoj godini 2026.\/2027. \u2013 vrijeme dolaska u\u010denika, raspored nastave te raspored razrednih odjela po u\u010dionicama. Veselimo se ponovnom susretu i \u017eelimo svima sretan i uspje\u0161an po\u010detak nove \u0161kolske godine! UPUTE ZA PRVI DAN NASTAV \u0160K. G.-26.-27.pdf<\/p>\n","protected":false},"author":1,"featured_media":0,"comment_status":"closed","ping_status":"closed","sticky":false,"template":"","format":"standard","meta":{"footnotes":""},"categories":[20,31],"tags":[],"class_list":["post-10390","post","type-post","status-publish","format-standard","hentry","category-obavijesti","category-vazne-obavijesti"],"gutentor_comment":0,"_links":{"self":[{"href":"https:\/\/trema.hr\/index.php?rest_route=\/wp\/v2\/posts\/10390","targetHints":{"allow":["GET"]}}],"collection":[{"href":"https:\/\/trema.hr\/index.php?rest_route=\/wp\/v2\/posts"}],"about":[{"href":"https:\/\/trema.hr\/index.php?rest_route=\/wp\/v2\/types\/post"}],"author":[{"embeddable":true,"href":"https:\/\/trema.hr\/index.php?rest_route=\/wp\/v2\/users\/1"}],"replies":[{"embeddable":true,"href":"https:\/\/trema.hr\/index.php?rest_route=%2Fwp%2Fv2%2Fcomments&post=10390"}],"version-history":[{"count":1,"href":"https:\/\/trema.hr\/index.php?rest_route=\/wp\/v2\/posts\/10390\/revisions"}],"predecessor-version":[{"id":10391,"href":"https:\/\/trema.hr\/index.php?rest_route=\/wp\/v2\/posts\/10390\/revisions\/10391"}],"wp:attachment":[{"href":"https:\/\/trema.hr\/index.php?rest_route=%2Fwp%2Fv2%2Fmedia&parent=10390"}],"wp:term":[{"taxonomy":"category","embeddable":true,"href":"https:\/\/trema.hr\/index.php?rest_route=%2Fwp%2Fv2%2Fcategories&post=10390"},{"taxonomy":"post_tag","embeddable":true,"href":"https:\/\/trema.hr\/index.php?rest_route=%2Fwp%2Fv2%2Ftags&post=10390"}],"curies":[{"name":"wp","href":"https:\/\/api.w.org\/{rel}","templated":true}]}}