{"id":10379,"date":"2026-08-31T11:33:00","date_gmt":"2026-08-31T09:33:00","guid":{"rendered":"https:\/\/trema.hr\/?p=10379"},"modified":"2026-08-31T11:33:00","modified_gmt":"2026-08-31T09:33:00","slug":"6-medalja-za-nase-ucenike-na-jubilarnoj-20-srednjoeuropskoj-matematickoj-olimpijadi","status":"publish","type":"post","link":"https:\/\/trema.hr\/?p=10379","title":{"rendered":"6 medalja za na\u0161e u\u010denike na jubilarnoj 20. Srednjoeuropskoj matemati\u010dkoj olimpijadi"},"content":{"rendered":"\n<p>U Celju (Slovenija) od 23. do 29. kolovoza 2026. odr\u017eavala se Srednjoeuropskamatemati\u010dka olimpijada na kojoj je na\u0161 u\u010denik  Kristian Radi\u0107 bio dio tima koji je predstavljao Hrvatsku. Uz Kristijana u timu su bili i Fran \u010ca\u010dinovi\u0107 iz Gimnazije Lucijana Vranjanina, Zagreb,  Matej Kri\u017eani\u0107 iz Prve gimnazije Vara\u017edin te Ivan Kataleni\u0107, Lovro Kli\u010dkovi\u0107 i Martin Vidovi\u0107 iz XV. gimnazije, Zagreb.Na pojedina\u010dnom dijelu natjecanja Kristijan je osvojio bron\u010danu medalju. Na ekipnom dijelu natjecanja na\u0161a ekipa zauzela je peto mjesto od ukupno deset dr\u017eava sudionica.Srednjoeuropska matemati\u010dka olimpijada regionalno je natjecanje koje se odr\u017eava od2007. godine i uklju\u010duje Austriju, Hrvatsku, \u010ce\u0161ku, Njema\u010dku, Ma\u0111arsku, Litvu, Poljsku, Slova\u010dku, Sloveniju i \u0160vicarsku, te se doma\u0107instvo natjecanja rotira me\u0111u \u010dlanicama. Izbor ekipe vr\u0161i se na temelju rezultata Hrvatske matemati\u010dke olimpijade, koju organizira Hrvatsko matemati\u010dko dru\u0161tvo (HMD). \u010clanovi ekipe sudjelovali su u dva ciklusa intenzivnih priprema u organizaciji HMD-a i udruge Mladi nadareni matemati\u010dari \u201eMarin Getaldi\u0107\u201c. Tro\u0161kove izbora, priprema i odlaska na natjecanje financiralo je Ministarstvo znanosti, obrazovanja i mladih.Vi\u0161e o ovogodi\u0161njem natjecanju mo\u017eete pro\u010ditati na https:\/\/memo2026.dmfa.si<\/p>\n\n\n\n<figure class=\"wp-block-gallery has-nested-images columns-default is-cropped wp-block-gallery-1 is-layout-flex wp-block-gallery-is-layout-flex\">\n<figure class=\"wp-block-image size-large\"><img loading=\"lazy\" decoding=\"async\" width=\"1024\" height=\"1024\" data-id=\"10378\" src=\"https:\/\/trema.hr\/wp-content\/uploads\/2026\/08\/opening-ceremony-neli-00024-scaled-1-1024x1024.jpg\" alt=\"\" class=\"wp-image-10378\" srcset=\"https:\/\/trema.hr\/wp-content\/uploads\/2026\/08\/opening-ceremony-neli-00024-scaled-1-1024x1024.jpg 1024w, https:\/\/trema.hr\/wp-content\/uploads\/2026\/08\/opening-ceremony-neli-00024-scaled-1-300x300.jpg 300w, https:\/\/trema.hr\/wp-content\/uploads\/2026\/08\/opening-ceremony-neli-00024-scaled-1-150x150.jpg 150w\" sizes=\"auto, (max-width: 1024px) 100vw, 1024px\" \/><\/figure>\n\n\n\n<figure class=\"wp-block-image size-large\"><img loading=\"lazy\" decoding=\"async\" width=\"1024\" height=\"1024\" data-id=\"10377\" src=\"https:\/\/trema.hr\/wp-content\/uploads\/2026\/08\/MEMO2026-medalje-1024x1024.jpeg\" alt=\"\" class=\"wp-image-10377\" srcset=\"https:\/\/trema.hr\/wp-content\/uploads\/2026\/08\/MEMO2026-medalje-1024x1024.jpeg 1024w, https:\/\/trema.hr\/wp-content\/uploads\/2026\/08\/MEMO2026-medalje-300x300.jpeg 300w, https:\/\/trema.hr\/wp-content\/uploads\/2026\/08\/MEMO2026-medalje-150x150.jpeg 150w\" sizes=\"auto, (max-width: 1024px) 100vw, 1024px\" \/><\/figure>\n<\/figure>\n","protected":false},"excerpt":{"rendered":"<p>U Celju (Slovenija) od 23. do 29. kolovoza 2026. odr\u017eavala se Srednjoeuropskamatemati\u010dka olimpijada na kojoj je na\u0161 u\u010denik Kristian Radi\u0107 bio dio tima koji je predstavljao Hrvatsku. Uz Kristijana u timu su bili i Fran \u010ca\u010dinovi\u0107 iz Gimnazije Lucijana Vranjanina, Zagreb, Matej Kri\u017eani\u0107 iz Prve gimnazije Vara\u017edin te Ivan Kataleni\u0107, Lovro Kli\u010dkovi\u0107 i Martin Vidovi\u0107&hellip;<\/p>\n","protected":false},"author":1,"featured_media":0,"comment_status":"closed","ping_status":"closed","sticky":false,"template":"","format":"standard","meta":{"footnotes":""},"categories":[20],"tags":[],"class_list":["post-10379","post","type-post","status-publish","format-standard","hentry","category-obavijesti"],"gutentor_comment":0,"_links":{"self":[{"href":"https:\/\/trema.hr\/index.php?rest_route=\/wp\/v2\/posts\/10379","targetHints":{"allow":["GET"]}}],"collection":[{"href":"https:\/\/trema.hr\/index.php?rest_route=\/wp\/v2\/posts"}],"about":[{"href":"https:\/\/trema.hr\/index.php?rest_route=\/wp\/v2\/types\/post"}],"author":[{"embeddable":true,"href":"https:\/\/trema.hr\/index.php?rest_route=\/wp\/v2\/users\/1"}],"replies":[{"embeddable":true,"href":"https:\/\/trema.hr\/index.php?rest_route=%2Fwp%2Fv2%2Fcomments&post=10379"}],"version-history":[{"count":1,"href":"https:\/\/trema.hr\/index.php?rest_route=\/wp\/v2\/posts\/10379\/revisions"}],"predecessor-version":[{"id":10380,"href":"https:\/\/trema.hr\/index.php?rest_route=\/wp\/v2\/posts\/10379\/revisions\/10380"}],"wp:attachment":[{"href":"https:\/\/trema.hr\/index.php?rest_route=%2Fwp%2Fv2%2Fmedia&parent=10379"}],"wp:term":[{"taxonomy":"category","embeddable":true,"href":"https:\/\/trema.hr\/index.php?rest_route=%2Fwp%2Fv2%2Fcategories&post=10379"},{"taxonomy":"post_tag","embeddable":true,"href":"https:\/\/trema.hr\/index.php?rest_route=%2Fwp%2Fv2%2Ftags&post=10379"}],"curies":[{"name":"wp","href":"https:\/\/api.w.org\/{rel}","templated":true}]}}